{"id":449,"date":"2017-05-31T13:46:26","date_gmt":"2017-05-31T11:46:26","guid":{"rendered":"http:\/\/chalo-india.de\/chaloindia\/?p=449"},"modified":"2017-06-14T16:10:06","modified_gmt":"2017-06-14T14:10:06","slug":"neuigkeiten-aus-cannes","status":"publish","type":"post","link":"http:\/\/chalo-india.de\/chaloindia\/2017\/05\/31\/neuigkeiten-aus-cannes\/","title":{"rendered":"Neuigkeiten aus Cannes"},"content":{"rendered":"<figure id=\"attachment_496\" aria-describedby=\"caption-attachment-496\" style=\"width: 233px\" class=\"wp-caption alignleft\"><img loading=\"lazy\" decoding=\"async\" class=\"wp-image-496 size-medium\" title=\" Copyright: Barbara Thiem\" src=\"http:\/\/chalo-india.de\/chaloindia\/wp-content\/uploads\/2017\/05\/Cannes-2017_MG_3560Copyright-Barbara-Thiem-233x300.jpg\" alt=\"\" width=\"233\" height=\"300\" srcset=\"http:\/\/chalo-india.de\/chaloindia\/wp-content\/uploads\/2017\/05\/Cannes-2017_MG_3560Copyright-Barbara-Thiem-233x300.jpg 233w, http:\/\/chalo-india.de\/chaloindia\/wp-content\/uploads\/2017\/05\/Cannes-2017_MG_3560Copyright-Barbara-Thiem-768x988.jpg 768w, http:\/\/chalo-india.de\/chaloindia\/wp-content\/uploads\/2017\/05\/Cannes-2017_MG_3560Copyright-Barbara-Thiem.jpg 771w\" sizes=\"(max-width: 233px) 100vw, 233px\" \/><figcaption id=\"caption-attachment-496\" class=\"wp-caption-text\">Aishwarya Rai-Bachchan bei der Devdas-Vorstellung in Cannes 2017 (Copyright: Barbara Thiem).<\/figcaption><\/figure>\n<p>In diesem Jahr gab es wieder keine indischen Filme im offiziellen Festival-Programm von Cannes und auch in den Nebensektionen und Rand-Veranstaltungen war nichts Neues zu finden. Nur eine vereinzelte Erinnerung an vergangenen Ruhm bescherte den Besuchern Aishwarya Rai-Bachchan als Markenbotschafterin von L&#8217;Oreal, die sich entschloss im Rahmen eines Strand-Kinos ihren Cannes-Hit DEVDAS zu pr\u00e4sentieren. Deepika Padukone gab zudem ihr L&#8217;Or\u00e9al-Deb\u00fct ab und verst\u00e4rkte das Team der Marke um eine weitere Bollywood-Sch\u00f6nheit nach Aishwarya Rai-Bachchan und Sonam Kapoor.<\/p>\n<p>Im Markt war Indien in diesem Jahr dennoch wieder sehr pr\u00e4sent. Die bemerkenswerten Einspielergebnisse von DANGAL in China er\u00f6ffnen sicherlich neue M\u00f6glichkeiten und der ph\u00e4nomenale Erfolg des zweiteiligen Fantasy-Spektakels BAHUBALI blieb bei der internationalen Presse nicht unbemerkt. Das Team des tamilischen Films SANGAMITHRA bot sich als Nachfolger an, scheute aber auch den Vergleich, obwohl es viele Parallelen gibt: Er spielt in der gleichen \u00c4ra, wird aber auch nicht realistischer sein, soll ebenfalls in zwei Teilen herauskommen und hat sogar den selben Set-Designer. Anders ist aber schon jetzt, dass der Titel der Name der Heldin sein wird und Oscarpreistr\u00e4ger A. R. Rahman die Musik schreiben wird.<\/p>\n<figure id=\"attachment_494\" aria-describedby=\"caption-attachment-494\" style=\"width: 300px\" class=\"wp-caption alignright\"><img loading=\"lazy\" decoding=\"async\" class=\"size-medium wp-image-494\" src=\"http:\/\/chalo-india.de\/chaloindia\/wp-content\/uploads\/2017\/05\/Cannes-2017_MG_3398Copyright-Barbara-Thiem-300x173.jpg\" alt=\"\" width=\"300\" height=\"173\" srcset=\"http:\/\/chalo-india.de\/chaloindia\/wp-content\/uploads\/2017\/05\/Cannes-2017_MG_3398Copyright-Barbara-Thiem-300x173.jpg 300w, http:\/\/chalo-india.de\/chaloindia\/wp-content\/uploads\/2017\/05\/Cannes-2017_MG_3398Copyright-Barbara-Thiem-768x444.jpg 768w, http:\/\/chalo-india.de\/chaloindia\/wp-content\/uploads\/2017\/05\/Cannes-2017_MG_3398Copyright-Barbara-Thiem-1024x592.jpg 1024w, http:\/\/chalo-india.de\/chaloindia\/wp-content\/uploads\/2017\/05\/Cannes-2017_MG_3398Copyright-Barbara-Thiem.jpg 1320w\" sizes=\"(max-width: 300px) 100vw, 300px\" \/><figcaption id=\"caption-attachment-494\" class=\"wp-caption-text\">Das Sangamithra-Team mit dem indischen Botschafter in Frankreich ( Copyright: Barbara Thiem).<\/figcaption><\/figure>\n<p>Vorher wird aber noch MANTO herauskommen, die neue Regiearbeit der Schauspielerin Nandita Das (FIRE), die hier Cannes-Liebling Nawazuddin Siddiqui (MONSOON SHOOTOUT, LUNCHBOX) in der Film-Biografie eines Intellektuellen besetzte, der sich sehr stark mit der Teilung Indiens befasste. Weitere Highlights waren die neuen Pl\u00e4ne von Purple Pebble Pictures, der Produktionsfirma, die Bollywood-Star Priyanka Chopra mit ihrer Mutter Dr. Madhu Chopra gegr\u00fcndet hat und die sich bisher ausschlie\u00dflich dem regionalen indischen Kino widmet und der Trailer-Launch von THE BLACK PRINCE, ein Film \u00fcber den Maharaja Duleep Singh und dessen Beziehung zu Queen Victoria.<\/p>\n<div id='gallery-1' class='gallery galleryid-449 gallery-columns-2 gallery-size-medium'><figure class='gallery-item'>\n\t\t\t<div class='gallery-icon portrait'>\n\t\t\t\t<img loading=\"lazy\" decoding=\"async\" width=\"291\" height=\"300\" src=\"http:\/\/chalo-india.de\/chaloindia\/wp-content\/uploads\/2017\/05\/Sonam-2017-Barbara-Thiem-Copyright2-291x300.jpg\" class=\"attachment-medium size-medium\" alt=\"\" aria-describedby=\"gallery-1-497\" srcset=\"http:\/\/chalo-india.de\/chaloindia\/wp-content\/uploads\/2017\/05\/Sonam-2017-Barbara-Thiem-Copyright2-291x300.jpg 291w, http:\/\/chalo-india.de\/chaloindia\/wp-content\/uploads\/2017\/05\/Sonam-2017-Barbara-Thiem-Copyright2-768x792.jpg 768w, http:\/\/chalo-india.de\/chaloindia\/wp-content\/uploads\/2017\/05\/Sonam-2017-Barbara-Thiem-Copyright2-993x1024.jpg 993w, http:\/\/chalo-india.de\/chaloindia\/wp-content\/uploads\/2017\/05\/Sonam-2017-Barbara-Thiem-Copyright2.jpg 1014w\" sizes=\"(max-width: 291px) 100vw, 291px\" \/>\n\t\t\t<\/div>\n\t\t\t\t<figcaption class='wp-caption-text gallery-caption' id='gallery-1-497'>\n\t\t\t\tSonam Kapoor ( Copyright: Barbara Thiem)\n\t\t\t\t<\/figcaption><\/figure><figure class='gallery-item'>\n\t\t\t<div class='gallery-icon landscape'>\n\t\t\t\t<img loading=\"lazy\" decoding=\"async\" width=\"300\" height=\"201\" src=\"http:\/\/chalo-india.de\/chaloindia\/wp-content\/uploads\/2017\/05\/manto-300x201.jpg\" class=\"attachment-medium size-medium\" alt=\"\" aria-describedby=\"gallery-1-495\" srcset=\"http:\/\/chalo-india.de\/chaloindia\/wp-content\/uploads\/2017\/05\/manto-300x201.jpg 300w, http:\/\/chalo-india.de\/chaloindia\/wp-content\/uploads\/2017\/05\/manto.jpg 555w\" sizes=\"(max-width: 300px) 100vw, 300px\" \/>\n\t\t\t<\/div>\n\t\t\t\t<figcaption class='wp-caption-text gallery-caption' id='gallery-1-495'>\n\t\t\t\tDas Manto-Team in Cannes.\n\t\t\t\t<\/figcaption><\/figure>\n\t\t<\/div>\n\n","protected":false},"excerpt":{"rendered":"<p>In diesem Jahr gab es wieder keine indischen Filme im offiziellen Festival-Programm von Cannes und auch in den Nebensektionen und Rand-Veranstaltungen war nichts Neues zu finden. Nur eine vereinzelte Erinnerung &#8230;<\/p>\n","protected":false},"author":1,"featured_media":450,"comment_status":"closed","ping_status":"open","sticky":false,"template":"","format":"standard","meta":{"footnotes":""},"categories":[4],"tags":[],"class_list":["post-449","post","type-post","status-publish","format-standard","has-post-thumbnail","hentry","category-neuigkeiten"],"_links":{"self":[{"href":"http:\/\/chalo-india.de\/chaloindia\/wp-json\/wp\/v2\/posts\/449"}],"collection":[{"href":"http:\/\/chalo-india.de\/chaloindia\/wp-json\/wp\/v2\/posts"}],"about":[{"href":"http:\/\/chalo-india.de\/chaloindia\/wp-json\/wp\/v2\/types\/post"}],"author":[{"embeddable":true,"href":"http:\/\/chalo-india.de\/chaloindia\/wp-json\/wp\/v2\/users\/1"}],"replies":[{"embeddable":true,"href":"http:\/\/chalo-india.de\/chaloindia\/wp-json\/wp\/v2\/comments?post=449"}],"version-history":[{"count":11,"href":"http:\/\/chalo-india.de\/chaloindia\/wp-json\/wp\/v2\/posts\/449\/revisions"}],"predecessor-version":[{"id":521,"href":"http:\/\/chalo-india.de\/chaloindia\/wp-json\/wp\/v2\/posts\/449\/revisions\/521"}],"wp:featuredmedia":[{"embeddable":true,"href":"http:\/\/chalo-india.de\/chaloindia\/wp-json\/wp\/v2\/media\/450"}],"wp:attachment":[{"href":"http:\/\/chalo-india.de\/chaloindia\/wp-json\/wp\/v2\/media?parent=449"}],"wp:term":[{"taxonomy":"category","embeddable":true,"href":"http:\/\/chalo-india.de\/chaloindia\/wp-json\/wp\/v2\/categories?post=449"},{"taxonomy":"post_tag","embeddable":true,"href":"http:\/\/chalo-india.de\/chaloindia\/wp-json\/wp\/v2\/tags?post=449"}],"curies":[{"name":"wp","href":"https:\/\/api.w.org\/{rel}","templated":true}]}}