{"id":737,"date":"2020-10-27T10:45:39","date_gmt":"2020-10-27T09:45:39","guid":{"rendered":"http:\/\/chalo-india.de\/chaloindia\/?p=737"},"modified":"2020-10-27T10:51:43","modified_gmt":"2020-10-27T09:51:43","slug":"neuer-podcast-bombay-talkies","status":"publish","type":"post","link":"http:\/\/chalo-india.de\/chaloindia\/2020\/10\/27\/neuer-podcast-bombay-talkies\/","title":{"rendered":"Neuer Podcast: Bombay Talkies"},"content":{"rendered":"\n<p>Es gibt einen neuen Podcast f\u00fcr alle, die gerne Gespr\u00e4chen \u00fcber Gesellschaftliches und Politik lauschen, aber mit etwas anderen Pop-Kultur-Referenzen und Hintergr\u00fcnden. Bei \u201eBombay Talkies\u201c gibt es n\u00e4mlich immer wieder einen Bezug zu Indien, denn die indische Film- und Medienlandschaft spielt eine gro\u00dfe Rolle im Leben der beiden Moderatorinnen: Vera ist Chefredakteurin der indischen Film-Zeitschrift <a rel=\"noreferrer noopener\" href=\"http:\/\/ishq.de\/\" target=\"_blank\">ISHQ<\/a> und hat auch am Indischen Filmfestival M\u00fcnster, CHALO INDIA, mitgearbeitet. Caro l\u00e4sst sich im&nbsp;<a rel=\"noreferrer noopener\" href=\"https:\/\/www.bennohaus.de\/\" target=\"_blank\">Bennohaus in M\u00fcnster<\/a>&nbsp;zur Mediengestalterin Bild und Ton ausbilden und ist mit indischem Kino gro\u00df geworden. Hin und wieder wird auch mit G\u00e4sten oder Expert*innen \u00fcber bestimmte Themen gesprochen. <\/p>\n\n\n\n<div class=\"wp-block-image\"><figure class=\"alignleft size-large is-resized\"><img loading=\"lazy\" decoding=\"async\" src=\"http:\/\/chalo-india.de\/chaloindia\/wp-content\/uploads\/2020\/10\/bombay-talkies-logo.png\" alt=\"\" class=\"wp-image-738\" width=\"274\" height=\"274\" srcset=\"http:\/\/chalo-india.de\/chaloindia\/wp-content\/uploads\/2020\/10\/bombay-talkies-logo.png 725w, http:\/\/chalo-india.de\/chaloindia\/wp-content\/uploads\/2020\/10\/bombay-talkies-logo-300x300.png 300w, http:\/\/chalo-india.de\/chaloindia\/wp-content\/uploads\/2020\/10\/bombay-talkies-logo-150x150.png 150w\" sizes=\"(max-width: 274px) 100vw, 274px\" \/><figcaption><em><strong>Neuer Podcast auf <a href=\"http:\/\/ishq,de\/podcast\/\" target=\"_blank\" rel=\"noreferrer noopener\">ishq.de<\/a>, Spotify oder Apple Podcasts.<\/strong><\/em><\/figcaption><\/figure><\/div>\n\n\n\n<p>Wie f\u00fchlt es sich an, in einer Welt zu leben, in der man nur eine handvoll Menschen hat, die sich f\u00fcr die gleichen Dinge interessieren, wie man selbst? In der ersten Folge geht es um pers\u00f6nliche Erfahrungen und den deutschen Blick auf die indische Film- und Medienlandschaft. Was hat es mit dem Begriff \u201eBollywood\u201c auf sich, wie reagiert man auf Klischees und warum hei\u00dft der Podcast \u00fcberhaupt \u201eBombay Talkies\u201c?&nbsp;Dabei wird auch \u00fcber einen Film des CHALO INDIA Festivals gesprochen und einen Gast aus der indischen Filmindustrie, der in M\u00fcnster zu Besuch war. <\/p>\n\n\n\n<p>Der Podcast ist ein Community-Projekt produziert vom ISHQ-Magazin und dem Bennohaus M\u00fcnster. <a rel=\"noreferrer noopener\" href=\"https:\/\/ishq.de\/podcast\/bombay-talkies-und-der-deutsche-blick-auf-das-indische-kino\/\" target=\"_blank\">\u201eBombay Talkies\u201c<\/a> ist kostenfrei auf der Homepage zu h\u00f6ren oder runterzuladen. Man kann den Podcast nat\u00fcrlich auch auf Spotify oder Apple Podcasts abonnieren.<\/p>\n","protected":false},"excerpt":{"rendered":"<p>Es gibt einen neuen Podcast f\u00fcr alle, die gerne Gespr\u00e4chen \u00fcber Gesellschaftliches und Politik lauschen, aber mit etwas anderen Pop-Kultur-Referenzen und Hintergr\u00fcnden. Bei \u201eBombay Talkies\u201c gibt es n\u00e4mlich immer wieder &#8230;<\/p>\n","protected":false},"author":1,"featured_media":747,"comment_status":"closed","ping_status":"open","sticky":false,"template":"","format":"standard","meta":{"footnotes":""},"categories":[4],"tags":[10,12,14,13,11],"class_list":["post-737","post","type-post","status-publish","format-standard","has-post-thumbnail","hentry","category-neuigkeiten","tag-bombay-talkies","tag-indien","tag-indischer-film","tag-kino","tag-podcast"],"_links":{"self":[{"href":"http:\/\/chalo-india.de\/chaloindia\/wp-json\/wp\/v2\/posts\/737"}],"collection":[{"href":"http:\/\/chalo-india.de\/chaloindia\/wp-json\/wp\/v2\/posts"}],"about":[{"href":"http:\/\/chalo-india.de\/chaloindia\/wp-json\/wp\/v2\/types\/post"}],"author":[{"embeddable":true,"href":"http:\/\/chalo-india.de\/chaloindia\/wp-json\/wp\/v2\/users\/1"}],"replies":[{"embeddable":true,"href":"http:\/\/chalo-india.de\/chaloindia\/wp-json\/wp\/v2\/comments?post=737"}],"version-history":[{"count":7,"href":"http:\/\/chalo-india.de\/chaloindia\/wp-json\/wp\/v2\/posts\/737\/revisions"}],"predecessor-version":[{"id":746,"href":"http:\/\/chalo-india.de\/chaloindia\/wp-json\/wp\/v2\/posts\/737\/revisions\/746"}],"wp:featuredmedia":[{"embeddable":true,"href":"http:\/\/chalo-india.de\/chaloindia\/wp-json\/wp\/v2\/media\/747"}],"wp:attachment":[{"href":"http:\/\/chalo-india.de\/chaloindia\/wp-json\/wp\/v2\/media?parent=737"}],"wp:term":[{"taxonomy":"category","embeddable":true,"href":"http:\/\/chalo-india.de\/chaloindia\/wp-json\/wp\/v2\/categories?post=737"},{"taxonomy":"post_tag","embeddable":true,"href":"http:\/\/chalo-india.de\/chaloindia\/wp-json\/wp\/v2\/tags?post=737"}],"curies":[{"name":"wp","href":"https:\/\/api.w.org\/{rel}","templated":true}]}}